{"id":18194,"date":"2019-12-13T14:54:16","date_gmt":"2019-12-13T14:54:16","guid":{"rendered":"https:\/\/www.lacupulamusic.com\/blog\/?p=18194"},"modified":"2019-12-13T15:03:50","modified_gmt":"2019-12-13T15:03:50","slug":"los-ganadores-de-los-premis-arc-2019","status":"publish","type":"post","link":"https:\/\/www.lacupulamusic.com\/blog\/los-ganadores-de-los-premis-arc-2019\/","title":{"rendered":"Los ganadores de los Premis ARC 2019"},"content":{"rendered":"<h2><b>El pasado 5 de diciembre se celebr\u00f3 en l\u2019Antiga F\u00e0brica Estrella Damm la 17a edici\u00f3n de los Premis ARC 2019, los galardones de la industria musical en directo a Catalu\u00f1a. De un total de 58 nominados, fueron 17 los ganadores de este a\u00f1o.\u00a0<\/b><\/h2>\n<p><span style=\"font-weight: 400;\">La encargada de dar la entrega de premios fue la periodista y presentadora Anna P\u00e9rez Pag\u00e8s que, presentaba un nuevo formato donde acudieron exclusivamente los artistas premiados, la prensa y los socios d\u2019ARC.\u00a0<\/span><\/p>\n<p><span style=\"font-weight: 400;\">Los galardones son escogidos por profesionales de la m\u00fasica en directo tales como managers, agentes, promotores, programadores de festivales, as\u00ed como tambi\u00e9n ayuntamientos, auditorios o salas.\u00a0<\/span><\/p>\n<p><img loading=\"lazy\" decoding=\"async\" class=\"size-large wp-image-18192 aligncenter\" src=\"https:\/\/www.lacupulamusic.com\/blog\/wp-content\/uploads\/2019\/12\/arc2-1024x683.jpg\" alt=\"Premis ARC 2019\" width=\"1024\" height=\"683\" srcset=\"https:\/\/www.lacupulamusic.com\/blog\/wp-content\/uploads\/2019\/12\/arc2-1024x683.jpg 1024w, https:\/\/www.lacupulamusic.com\/blog\/wp-content\/uploads\/2019\/12\/arc2-300x200.jpg 300w, https:\/\/www.lacupulamusic.com\/blog\/wp-content\/uploads\/2019\/12\/arc2-768x512.jpg 768w, https:\/\/www.lacupulamusic.com\/blog\/wp-content\/uploads\/2019\/12\/arc2-1170x780.jpg 1170w, https:\/\/www.lacupulamusic.com\/blog\/wp-content\/uploads\/2019\/12\/arc2-585x390.jpg 585w, https:\/\/www.lacupulamusic.com\/blog\/wp-content\/uploads\/2019\/12\/arc2-263x175.jpg 263w, https:\/\/www.lacupulamusic.com\/blog\/wp-content\/uploads\/2019\/12\/arc2.jpg 1200w\" sizes=\"auto, (max-width: 1024px) 100vw, 1024px\" \/><\/p>\n<p><span style=\"font-weight: 400;\">Seg\u00fan el ju<\/span><span style=\"font-weight: 400;\">rado profesional los ganadores de los Premis ARC 2019 son:<\/span><\/p>\n<p><span style=\"font-weight: 400;\">Mejor gira de artista o grupo por salas de Catalu\u00f1a: <\/span><b>Obeses<\/b><\/p>\n<p><b><span style=\"font-weight: 400;\">Mejor gira de artista o grupo de teatro y auditorios de Catalu\u00f1a<\/span>: Joan Daus\u00e0<\/b><\/p>\n<p><span style=\"font-weight: 400;\">Mejor gira de un grupo de versiones o tributos por fiestas mayores de los ayuntamientos: <strong>Orquestra <\/strong><\/span><b>DiVersiones<\/b><\/p>\n<p><span style=\"font-weight: 400;\">Mejor gira de artistas o grupo con temas propios para fiestas mayores de los ayuntamientos: <\/span><b>Els Catarres<\/b><\/p>\n<p><b><span style=\"font-weight: 400;\">Mejor gira de orquesta o grupo de baile para fiestas mayores de los ayuntamientos:<\/span><\/b><b> Swing Latino<\/b><\/p>\n<p><span style=\"font-weight: 400;\">Mejor gira de artista o grupo por festivales:<\/span>\u00a0 <strong>Oques Grasses<\/strong><\/p>\n<p><span style=\"font-weight: 400;\">Mejor gira de artista o grupo adaptado a p\u00fablico infantil o familiar: <\/span><strong>El Pot Petit<\/strong><\/p>\n<p><span style=\"font-weight: 400;\">Mejor gira internacional de artista o grupo catal\u00e1n<strong>: <\/strong><\/span><strong>Rosalia<\/strong><\/p>\n<p><span style=\"font-weight: 400;\">Mejor artista o grupo revelaci\u00f3n:<\/span><strong> Lildami<\/strong><\/p>\n<p><span style=\"font-weight: 400;\">Mejor programaci\u00f3n de teatro o auditorio:<\/span> <strong>Teatre Auditori de Sant Cugat<\/strong><\/p>\n<p><span style=\"font-weight: 400;\">Mejor programaci\u00f3n de espacio musical\/ sala de concierto: <\/span><strong>El Caf\u00e8 del Teatre de Lleida<\/strong><\/p>\n<p><span style=\"font-weight: 400;\">Mejor programaci\u00f3n de fiesta mayor:<\/span> <strong>Festes del Tura d&#8217;Olot<\/strong><\/p>\n<p><span style=\"font-weight: 400;\">Mejor programaci\u00f3n de festival: <\/span><strong>S\u00f3nar\u00a0<\/strong><\/p>\n<p><span style=\"font-weight: 400;\">Mejor medio de comunicaci\u00f3n o programa musical:<\/span> <strong><i>Preguntes freq\u00fcents<\/i>, de TV3<\/strong><\/p>\n<p><span style=\"font-weight: 400;\">Como es tradicional, los Premis ARC 2019 no se han centrado <\/span><span style=\"font-weight: 400;\">solamente en la parte creativa, sino tambi\u00e9n en la organizativa. En este \u00e1mbito se han dado premios especiales como por ejemplo al Festival Cru\u00eflla por su compromiso con la sostenibilitat y medio ambiente por la incorporaci\u00f3n de vasos biodegradables.\u00a0<\/span><\/p>\n<p><span style=\"font-weight: 400;\">Premis ARC especiales:<\/span><\/p>\n<p><span style=\"font-weight: 400;\">Premio al proyecto sostenible:<\/span><b> Festival Cru\u00eflla<\/b><\/p>\n<p><b><span style=\"font-weight: 400;\">Premio al socio de honor: E<\/span><\/b>xconsejero de Cultura<b> Llu\u00eds Puig<\/b><\/p>\n<p><span style=\"font-weight: 400;\">Premio a la trayectoria profesional:<\/span><strong> Jes\u00fas Herrera Carriqui<\/strong><\/p>\n","protected":false},"excerpt":{"rendered":"<p>El pasado 5 de diciembre se celebr\u00f3 en l\u2019Antiga F\u00e0brica Estrella Damm la 17a edici\u00f3n de los Premis ARC 2019, los galardones de la industria musical en directo a Catalu\u00f1a.&hellip;<\/p>\n","protected":false},"author":16,"featured_media":18191,"comment_status":"open","ping_status":"open","sticky":false,"template":"","format":"standard","meta":{"footnotes":""},"categories":[10],"tags":[],"class_list":["post-18194","post","type-post","status-publish","format-standard","has-post-thumbnail","hentry","category-sin-categoria"],"_links":{"self":[{"href":"https:\/\/www.lacupulamusic.com\/blog\/wp-json\/wp\/v2\/posts\/18194","targetHints":{"allow":["GET"]}}],"collection":[{"href":"https:\/\/www.lacupulamusic.com\/blog\/wp-json\/wp\/v2\/posts"}],"about":[{"href":"https:\/\/www.lacupulamusic.com\/blog\/wp-json\/wp\/v2\/types\/post"}],"author":[{"embeddable":true,"href":"https:\/\/www.lacupulamusic.com\/blog\/wp-json\/wp\/v2\/users\/16"}],"replies":[{"embeddable":true,"href":"https:\/\/www.lacupulamusic.com\/blog\/wp-json\/wp\/v2\/comments?post=18194"}],"version-history":[{"count":4,"href":"https:\/\/www.lacupulamusic.com\/blog\/wp-json\/wp\/v2\/posts\/18194\/revisions"}],"predecessor-version":[{"id":18197,"href":"https:\/\/www.lacupulamusic.com\/blog\/wp-json\/wp\/v2\/posts\/18194\/revisions\/18197"}],"wp:featuredmedia":[{"embeddable":true,"href":"https:\/\/www.lacupulamusic.com\/blog\/wp-json\/wp\/v2\/media\/18191"}],"wp:attachment":[{"href":"https:\/\/www.lacupulamusic.com\/blog\/wp-json\/wp\/v2\/media?parent=18194"}],"wp:term":[{"taxonomy":"category","embeddable":true,"href":"https:\/\/www.lacupulamusic.com\/blog\/wp-json\/wp\/v2\/categories?post=18194"},{"taxonomy":"post_tag","embeddable":true,"href":"https:\/\/www.lacupulamusic.com\/blog\/wp-json\/wp\/v2\/tags?post=18194"}],"curies":[{"name":"wp","href":"https:\/\/api.w.org\/{rel}","templated":true}]}}